{"id":227397,"date":"2020-02-05T15:18:42","date_gmt":"2020-02-05T15:18:42","guid":{"rendered":"https:\/\/www.puertosdetenerife.org\/puertos-de-tenerife-entre-los-cinco-de-mayor-trafico-hortofruticola-de-espana\/"},"modified":"2020-11-18T14:49:34","modified_gmt":"2020-11-18T14:49:34","slug":"ports-de-tenerife-parmi-les-cinq-premiers-dans-le-trafic-horticole-despagne","status":"publish","type":"post","link":"https:\/\/pre.puertosdetenerife.org\/fr\/ports-de-tenerife-parmi-les-cinq-premiers-dans-le-trafic-horticole-despagne\/","title":{"rendered":"Ports de Tenerife, parmi les cinq premiers dans le trafic horticole d\u2019Espagne"},"content":{"rendered":"<p>L\u2019Autorit\u00e9 Portuaire de Santa Cruz de Tenerife a fini l\u2019ann\u00e9e 2019 avec un mouvement d\u2019importation-exportation de produits horticoles de 600.000 tonnes. Une quantit\u00e9 qui place nos ports parmi les cinq premiers du pays dans ce secteur malgr\u00e9 une l\u00e9g\u00e8re baisse enregistr\u00e9e face \u00e0 2018.<!--more--><\/p>\n<p>Avec ces chiffres, Ports de Tenerife a assist\u00e9 \u00e0 la Feria Fruit Log\u00edstica de Berlin sous la responsabilit\u00e9 de Ports de l\u2019\u00c9tat avec la devise \u00ab\u00a0Connecting the World to Fresh Food\u00a0\u00bb.<\/p>\n<p>Pour la d\u00e9l\u00e9gation des Ports de Tenerife, l\u2019objectif principal \u00e0 atteindre avec cette pr\u00e9sence au salon, d\u00e9j\u00e0 quatri\u00e8me ann\u00e9e cons\u00e9cutive, c\u2019est d\u2019attirer de nouveaux op\u00e9rateurs logistiques et des exportateurs, ainsi que des compagnies maritimes de transport de produits r\u00e9frig\u00e9r\u00e9s, afin de promouvoir les avantages des nouvelles installations et de les encourager en tant que point d\u2019\u00e9change de produits horticoles dans l\u2019Atlantique.<\/p>\n<p>Parmi les fruits et l\u00e9gumes export\u00e9s \u00e0 travers nos ports en 2019, dont le total a d\u00e9pass\u00e9 les 362.000 tonnes, on remarque \u00e0 nouveau les bananes, avec 313.000 tonnes, 4.000 tonnes de plus qu\u2019en 2018. Hausse qui contraste avec la chute dans l\u2019exportation de tomates fra\u00eeches ou r\u00e9frig\u00e9r\u00e9es, qu\u2019en 2018 avaient atteinte les 8.600 tonnes pour stagner en 2019 en 5.500 tonnes.<\/p>\n<p>En ce qui concerne les importations, avec 211.824 tonnes, 11.000 tonnes de plus que l\u2019ann\u00e9e pr\u00e9c\u00e9dente, une grande partie de produits agricoles, autant des produits frais comme des produits secs, est arriv\u00e9e \u00e0 travers nos ports. Cette sp\u00e9cialit\u00e9 a atteint les 33.000 tonnes, suivies des pommes de terre, avec 31.575 tonnes, 2.500 en moins qu\u2019en 2018.<\/p>\n<p>Les donn\u00e9es de la Federaci\u00f3n Espa\u00f1ola de Asociaciones de Productores Exportadores de Frutas, Hortalizas (Fepex) correspondant \u00e0 l\u2019ann\u00e9e 2019, montrent que parmi les 12.500 tonnes de produits export\u00e9s en 2019 (ce qui constitue des revenus d\u2019une valeur de 12.832 millions d\u2019euros), un 12% a \u00e9t\u00e9 d\u00e9plac\u00e9 par voie maritime. Plus pr\u00e9cis\u00e9ment, les ports de Santa Cruz de Tenerife, Valencia, Las Palmas, Alg\u00e9siras, Barcelona, Bilbao y C\u00e1diz ont accapar\u00e9 pr\u00e8s du 88% des mouvements portuaires.<\/p>\n<div class=\"shariff shariff-align-flex-start shariff-widget-align-flex-start\"><div class=\"ShariffHeadline\">Comparte!<\/div><ul class=\"shariff-buttons theme-round orientation-horizontal buttonsize-medium\"><li class=\"shariff-button facebook\" style=\"background-color:#056E6D;border-radius:1%\"><a href=\"https:\/\/www.facebook.com\/sharer\/sharer.php?u=https%3A%2F%2Fpre.puertosdetenerife.org%2Ffr%2Fports-de-tenerife-parmi-les-cinq-premiers-dans-le-trafic-horticole-despagne%2F\" title=\"Envoyer par Facebook\" aria-label=\"Envoyer par Facebook\" role=\"button\" rel=\"nofollow\" class=\"shariff-link\" style=\";border-radius:1%; background-color:#081C59; color:#fff\" target=\"_blank\"><span class=\"shariff-icon\" style=\"\"><svg width=\"32px\" height=\"20px\" xmlns=\"http:\/\/www.w3.org\/2000\/svg\" viewBox=\"0 0 18 32\"><path fill=\"#3b5998\" d=\"M17.1 0.2v4.7h-2.8q-1.5 0-2.1 0.6t-0.5 1.9v3.4h5.2l-0.7 5.3h-4.5v13.6h-5.5v-13.6h-4.5v-5.3h4.5v-3.9q0-3.3 1.9-5.2t5-1.8q2.6 0 4.1 0.2z\"\/><\/svg><\/span><\/a><\/li><li class=\"shariff-button twitter\" style=\"background-color:#056E6D;border-radius:1%\"><a href=\"https:\/\/twitter.com\/share?url=https%3A%2F%2Fpre.puertosdetenerife.org%2Ffr%2Fports-de-tenerife-parmi-les-cinq-premiers-dans-le-trafic-horticole-despagne%2F&text=Ports%20de%20Tenerife%2C%20parmi%20les%20cinq%20premiers%20dans%20le%20trafic%20horticole%20d%E2%80%99Espagne\" title=\"Envoyer par X\" aria-label=\"Envoyer par X\" role=\"button\" rel=\"noopener nofollow\" class=\"shariff-link\" style=\";border-radius:1%; background-color:#081C59; color:#fff\" target=\"_blank\"><span class=\"shariff-icon\" style=\"\"><svg width=\"32px\" height=\"20px\" xmlns=\"http:\/\/www.w3.org\/2000\/svg\" viewBox=\"0 0 24 24\"><path fill=\"#000\" d=\"M14.258 10.152L23.176 0h-2.113l-7.747 8.813L7.133 0H0l9.352 13.328L0 23.973h2.113l8.176-9.309 6.531 9.309h7.133zm-2.895 3.293l-.949-1.328L2.875 1.56h3.246l6.086 8.523.945 1.328 7.91 11.078h-3.246zm0 0\"\/><\/svg><\/span><\/a><\/li><li class=\"shariff-button linkedin\" style=\"background-color:#056E6D;border-radius:1%\"><a href=\"https:\/\/www.linkedin.com\/sharing\/share-offsite\/?url=https%3A%2F%2Fpre.puertosdetenerife.org%2Ffr%2Fports-de-tenerife-parmi-les-cinq-premiers-dans-le-trafic-horticole-despagne%2F\" title=\"Envoyer par LinkedIn\" aria-label=\"Envoyer par LinkedIn\" role=\"button\" rel=\"noopener nofollow\" class=\"shariff-link\" style=\";border-radius:1%; background-color:#081C59; color:#fff\" target=\"_blank\"><span class=\"shariff-icon\" style=\"\"><svg width=\"32px\" height=\"20px\" xmlns=\"http:\/\/www.w3.org\/2000\/svg\" viewBox=\"0 0 27 32\"><path fill=\"#0077b5\" d=\"M6.2 11.2v17.7h-5.9v-17.7h5.9zM6.6 5.7q0 1.3-0.9 2.2t-2.4 0.9h0q-1.5 0-2.4-0.9t-0.9-2.2 0.9-2.2 2.4-0.9 2.4 0.9 0.9 2.2zM27.4 18.7v10.1h-5.9v-9.5q0-1.9-0.7-2.9t-2.3-1.1q-1.1 0-1.9 0.6t-1.2 1.5q-0.2 0.5-0.2 1.4v9.9h-5.9q0-7.1 0-11.6t0-5.3l0-0.9h5.9v2.6h0q0.4-0.6 0.7-1t1-0.9 1.6-0.8 2-0.3q3 0 4.9 2t1.9 6z\"\/><\/svg><\/span><\/a><\/li><li class=\"shariff-button whatsapp\" style=\"background-color:#056E6D;border-radius:1%\"><a href=\"https:\/\/api.whatsapp.com\/send?text=https%3A%2F%2Fpre.puertosdetenerife.org%2Ffr%2Fports-de-tenerife-parmi-les-cinq-premiers-dans-le-trafic-horticole-despagne%2F%20Ports%20de%20Tenerife%2C%20parmi%20les%20cinq%20premiers%20dans%20le%20trafic%20horticole%20d%E2%80%99Espagne\" title=\"Envoyer par Whatsapp\" aria-label=\"Envoyer par Whatsapp\" role=\"button\" rel=\"noopener nofollow\" class=\"shariff-link\" style=\";border-radius:1%; background-color:#081C59; color:#fff\" target=\"_blank\"><span class=\"shariff-icon\" style=\"\"><svg width=\"32px\" height=\"20px\" xmlns=\"http:\/\/www.w3.org\/2000\/svg\" viewBox=\"0 0 32 32\"><path fill=\"#34af23\" d=\"M17.6 17.4q0.2 0 1.7 0.8t1.6 0.9q0 0.1 0 0.3 0 0.6-0.3 1.4-0.3 0.7-1.3 1.2t-1.8 0.5q-1 0-3.4-1.1-1.7-0.8-3-2.1t-2.6-3.3q-1.3-1.9-1.3-3.5v-0.1q0.1-1.6 1.3-2.8 0.4-0.4 0.9-0.4 0.1 0 0.3 0t0.3 0q0.3 0 0.5 0.1t0.3 0.5q0.1 0.4 0.6 1.6t0.4 1.3q0 0.4-0.6 1t-0.6 0.8q0 0.1 0.1 0.3 0.6 1.3 1.8 2.4 1 0.9 2.7 1.8 0.2 0.1 0.4 0.1 0.3 0 1-0.9t0.9-0.9zM14 26.9q2.3 0 4.3-0.9t3.6-2.4 2.4-3.6 0.9-4.3-0.9-4.3-2.4-3.6-3.6-2.4-4.3-0.9-4.3 0.9-3.6 2.4-2.4 3.6-0.9 4.3q0 3.6 2.1 6.6l-1.4 4.2 4.3-1.4q2.8 1.9 6.2 1.9zM14 2.2q2.7 0 5.2 1.1t4.3 2.9 2.9 4.3 1.1 5.2-1.1 5.2-2.9 4.3-4.3 2.9-5.2 1.1q-3.5 0-6.5-1.7l-7.4 2.4 2.4-7.2q-1.9-3.2-1.9-6.9 0-2.7 1.1-5.2t2.9-4.3 4.3-2.9 5.2-1.1z\"\/><\/svg><\/span><\/a><\/li><li class=\"shariff-button mailto\" style=\"background-color:#056E6D;border-radius:1%\"><a href=\"mailto:?body=https%3A%2F%2Fpre.puertosdetenerife.org%2Ffr%2Fports-de-tenerife-parmi-les-cinq-premiers-dans-le-trafic-horticole-despagne%2F&subject=Ports%20de%20Tenerife%2C%20parmi%20les%20cinq%20premiers%20dans%20le%20trafic%20horticole%20d%E2%80%99Espagne\" title=\"Envoyer par courriel\" aria-label=\"Envoyer par courriel\" role=\"button\" rel=\"noopener nofollow\" class=\"shariff-link\" style=\";border-radius:1%; background-color:#081C59; color:#fff\"><span class=\"shariff-icon\" style=\"\"><svg width=\"32px\" height=\"20px\" xmlns=\"http:\/\/www.w3.org\/2000\/svg\" viewBox=\"0 0 32 32\"><path fill=\"#999\" d=\"M32 12.7v14.2q0 1.2-0.8 2t-2 0.9h-26.3q-1.2 0-2-0.9t-0.8-2v-14.2q0.8 0.9 1.8 1.6 6.5 4.4 8.9 6.1 1 0.8 1.6 1.2t1.7 0.9 2 0.4h0.1q0.9 0 2-0.4t1.7-0.9 1.6-1.2q3-2.2 8.9-6.1 1-0.7 1.8-1.6zM32 7.4q0 1.4-0.9 2.7t-2.2 2.2q-6.7 4.7-8.4 5.8-0.2 0.1-0.7 0.5t-1 0.7-0.9 0.6-1.1 0.5-0.9 0.2h-0.1q-0.4 0-0.9-0.2t-1.1-0.5-0.9-0.6-1-0.7-0.7-0.5q-1.6-1.1-4.7-3.2t-3.6-2.6q-1.1-0.7-2.1-2t-1-2.5q0-1.4 0.7-2.3t2.1-0.9h26.3q1.2 0 2 0.8t0.9 2z\"\/><\/svg><\/span><\/a><\/li><\/ul><\/div>","protected":false},"excerpt":{"rendered":"<p>L\u2019Autorit\u00e9 Portuaire de Santa Cruz de Tenerife a fini l\u2019ann\u00e9e 2019 avec un mouvement d\u2019importation-exportation de produits horticoles de 600.000 tonnes. Une quantit\u00e9 qui place nos ports parmi les cinq premiers du pays dans ce secteur malgr\u00e9 une l\u00e9g\u00e8re baisse enregistr\u00e9e face \u00e0 2018.<\/p>\n","protected":false},"author":4,"featured_media":227398,"comment_status":"closed","ping_status":"open","sticky":false,"template":"","format":"standard","meta":{"_et_pb_use_builder":"","_et_pb_old_content":"","_et_gb_content_width":"","footnotes":""},"categories":[119],"tags":[],"coauthors":[181],"class_list":["post-227397","post","type-post","status-publish","format-standard","has-post-thumbnail","hentry","category-non-classifiee"],"_links":{"self":[{"href":"https:\/\/pre.puertosdetenerife.org\/fr\/wp-json\/wp\/v2\/posts\/227397","targetHints":{"allow":["GET"]}}],"collection":[{"href":"https:\/\/pre.puertosdetenerife.org\/fr\/wp-json\/wp\/v2\/posts"}],"about":[{"href":"https:\/\/pre.puertosdetenerife.org\/fr\/wp-json\/wp\/v2\/types\/post"}],"author":[{"embeddable":true,"href":"https:\/\/pre.puertosdetenerife.org\/fr\/wp-json\/wp\/v2\/users\/4"}],"replies":[{"embeddable":true,"href":"https:\/\/pre.puertosdetenerife.org\/fr\/wp-json\/wp\/v2\/comments?post=227397"}],"version-history":[{"count":2,"href":"https:\/\/pre.puertosdetenerife.org\/fr\/wp-json\/wp\/v2\/posts\/227397\/revisions"}],"predecessor-version":[{"id":227400,"href":"https:\/\/pre.puertosdetenerife.org\/fr\/wp-json\/wp\/v2\/posts\/227397\/revisions\/227400"}],"wp:featuredmedia":[{"embeddable":true,"href":"https:\/\/pre.puertosdetenerife.org\/fr\/wp-json\/wp\/v2\/media\/227398"}],"wp:attachment":[{"href":"https:\/\/pre.puertosdetenerife.org\/fr\/wp-json\/wp\/v2\/media?parent=227397"}],"wp:term":[{"taxonomy":"category","embeddable":true,"href":"https:\/\/pre.puertosdetenerife.org\/fr\/wp-json\/wp\/v2\/categories?post=227397"},{"taxonomy":"post_tag","embeddable":true,"href":"https:\/\/pre.puertosdetenerife.org\/fr\/wp-json\/wp\/v2\/tags?post=227397"},{"taxonomy":"author","embeddable":true,"href":"https:\/\/pre.puertosdetenerife.org\/fr\/wp-json\/wp\/v2\/coauthors?post=227397"}],"curies":[{"name":"wp","href":"https:\/\/api.w.org\/{rel}","templated":true}]}}