{"id":227405,"date":"2020-11-18T14:48:17","date_gmt":"2020-11-18T14:48:17","guid":{"rendered":"https:\/\/www.puertosdetenerife.org\/?p=227405"},"modified":"2020-11-18T14:50:10","modified_gmt":"2020-11-18T14:50:10","slug":"collaboration-portuaire-entre-tenerife-malaga-et-tanger-afin-de-promouvoir-le-trafic-de-croisieres","status":"publish","type":"post","link":"https:\/\/pre.puertosdetenerife.org\/fr\/collaboration-portuaire-entre-tenerife-malaga-et-tanger-afin-de-promouvoir-le-trafic-de-croisieres\/","title":{"rendered":"Collaboration portuaire entre Tenerife, M\u00e1laga et Tanger afin de promouvoir le trafic de croisi\u00e8res"},"content":{"rendered":"<p>[et_pb_section fb_built=\u00a0\u00bb1&Prime; _builder_version=\u00a0\u00bb3.22&Prime;][et_pb_row _builder_version=\u00a0\u00bb3.25&Prime; background_size=\u00a0\u00bbinitial\u00a0\u00bb background_position=\u00a0\u00bbtop_left\u00a0\u00bb background_repeat=\u00a0\u00bbrepeat\u00a0\u00bb][et_pb_column type=\u00a0\u00bb4_4&Prime; _builder_version=\u00a0\u00bb3.25&Prime; custom_padding=\u00a0\u00bb|||\u00a0\u00bb custom_padding__hover=\u00a0\u00bb|||\u00a0\u00bb][et_pb_text _builder_version=\u00a0\u00bb4.7.1&Prime; background_size=\u00a0\u00bbinitial\u00a0\u00bb background_position=\u00a0\u00bbtop_left\u00a0\u00bb background_repeat=\u00a0\u00bbrepeat\u00a0\u00bb]Les ports de Santa Cruz de Tenerife, M\u00e1laga et Tanger ont sign\u00e9 hier dans la ville marocaine un m\u00e9morandum de collaboration afin de stimuler la d\u00e9saisonnalisation de la saison de croisi\u00e8res et de promouvoir de nouvelles routes atlantiques qui incluent ces ports dans leurs itin\u00e9raires.<!--more--><\/p>\n<p>Le pr\u00e9sident du port de Santa Cruz de Tenerife, Carlos Gonz\u00e1lez, a fait remarquer que \u00ab\u00a0face \u00e0 la consolidation du march\u00e9 d\u2019hiver, nous avons en vue des objectifs larges pour que les trois ports unifient leurs efforts et pour donner plus d\u2019ampleur aux p\u00e9riodes de s\u00e9jour des croisi\u00e8res, tout en attirant de nouvelles compagnies\u00a0\u00bb.<\/p>\n<p>De son c\u00f4t\u00e9, le pr\u00e9sident de l\u2019Autorit\u00e9 Portuaire de M\u00e1laga, Carlos Rubio, se montre confiant face \u00e0 la signature de cet accord puisqu\u2019\u00ab\u00a0il am\u00e9liorera les conditions qui proposent ces trois ports aux compagnies de croisi\u00e8re, en devenant un message puissant pour les compagnies maritimes et en rendant plus attirante l\u2019offre de ces destinations\u00a0\u00bb.<\/p>\n<p>Cet accord signe l\u2019engagement de d\u00e9velopper des produits et des propositions sp\u00e9cifiques d\u2019int\u00e9r\u00eat pour les compagnies maritimes. La promotion de cette collaboration et des initiatives qui se d\u00e9velopperont aussi dans leur cadre sera un outil essentiel pour la favoriser le tourisme de croisi\u00e8re dans cette zone, ainsi que la proposition de primes qui pourraient encourager l\u2019int\u00e9r\u00eat des compagnies maritimes.<\/p>\n<p>Dans ce document, on remarque que le port de Santa Cruz de Tenerife \u00ab\u00a0a consolid\u00e9 sa position parmi les quatre premiers du syst\u00e8me portuaire espagnol gr\u00e2ce au nombre de croisi\u00e9ristes et aussi de croisi\u00e8res, tout en \u00e9tant particuli\u00e8rement important sur le plan g\u00e9ographique de l\u2019Oc\u00e9an Atlantique central\u00a0\u00bb.<\/p>\n<p><a href=\"https:\/\/www.puertosdetenerife.org\/wp-content\/uploads\/2019\/12\/acuerdo_Tfe_Mal_Tan.jpg\" data-lbwps-width=\"2116\" data-lbwps-height=\"1400\" data-lbwps-srcsmall=\"https:\/\/www.puertosdetenerife.org\/wp-content\/uploads\/2019\/12\/acuerdo_Tfe_Mal_Tan.jpg\"><img loading=\"lazy\" decoding=\"async\" class=\"aligncenter size-large wp-image-220306\" src=\"https:\/\/www.puertosdetenerife.org\/wp-content\/uploads\/2019\/12\/acuerdo_Tfe_Mal_Tan-1024x678.jpg\" alt=\"Firma de acuerdo\" width=\"1024\" height=\"678\" srcset=\"https:\/\/www.puertosdetenerife.org\/wp-content\/uploads\/2019\/12\/acuerdo_Tfe_Mal_Tan-980x648.jpg 980w, https:\/\/www.puertosdetenerife.org\/wp-content\/uploads\/2019\/12\/acuerdo_Tfe_Mal_Tan-480x318.jpg 480w\" sizes=\"auto, (min-width: 0px) and (max-width: 480px) 480px, (min-width: 481px) and (max-width: 980px) 980px, (min-width: 981px) 1024px, 100vw\" \/><\/a><\/p>\n<p>De m\u00eame, le port de M\u00e1laga, int\u00e9gr\u00e9 dans le r\u00e9seau de Ports de l\u2019\u00c9tat, \u00ab\u00a0a consolid\u00e9 sa position en tant que deuxi\u00e8me port espagnol selon le nombre de croisi\u00e8res dans la p\u00e9ninsule\u00a0\u00bb, tandis que celui de Tanger \u00ab\u00a0est devenu le port de croisi\u00e8res le plus grand du Royaume du Maroc, avec des installations pour accueillir les plus grandes croisi\u00e8res du monde\u00a0\u00bb.<\/p>\n<p>Le suivi de la convention sera effectu\u00e9 \u00e0 travers un comit\u00e9 cr\u00e9\u00e9 avec cet objectif et compos\u00e9 de deux repr\u00e9sentants de chaque signataire. Ses fonctions seront la planification, l\u2019ex\u00e9cution, le suivi et l\u2019\u00e9valuation des actions d\u00e9riv\u00e9es du m\u00eame.[\/et_pb_text][\/et_pb_column][\/et_pb_row][\/et_pb_section]<\/p>\n<div class=\"shariff shariff-align-flex-start shariff-widget-align-flex-start\"><div class=\"ShariffHeadline\">Comparte!<\/div><ul class=\"shariff-buttons theme-round orientation-horizontal buttonsize-medium\"><li class=\"shariff-button facebook\" style=\"background-color:#056E6D;border-radius:1%\"><a href=\"https:\/\/www.facebook.com\/sharer\/sharer.php?u=https%3A%2F%2Fpre.puertosdetenerife.org%2Ffr%2Fcollaboration-portuaire-entre-tenerife-malaga-et-tanger-afin-de-promouvoir-le-trafic-de-croisieres%2F\" title=\"Envoyer par Facebook\" aria-label=\"Envoyer par Facebook\" role=\"button\" rel=\"nofollow\" class=\"shariff-link\" style=\";border-radius:1%; background-color:#081C59; color:#fff\" target=\"_blank\"><span class=\"shariff-icon\" style=\"\"><svg width=\"32px\" height=\"20px\" xmlns=\"http:\/\/www.w3.org\/2000\/svg\" viewBox=\"0 0 18 32\"><path fill=\"#3b5998\" d=\"M17.1 0.2v4.7h-2.8q-1.5 0-2.1 0.6t-0.5 1.9v3.4h5.2l-0.7 5.3h-4.5v13.6h-5.5v-13.6h-4.5v-5.3h4.5v-3.9q0-3.3 1.9-5.2t5-1.8q2.6 0 4.1 0.2z\"\/><\/svg><\/span><\/a><\/li><li class=\"shariff-button twitter\" style=\"background-color:#056E6D;border-radius:1%\"><a href=\"https:\/\/twitter.com\/share?url=https%3A%2F%2Fpre.puertosdetenerife.org%2Ffr%2Fcollaboration-portuaire-entre-tenerife-malaga-et-tanger-afin-de-promouvoir-le-trafic-de-croisieres%2F&text=Collaboration%20portuaire%20entre%20Tenerife%2C%20M%C3%A1laga%20et%20Tanger%20afin%20de%20promouvoir%20le%20trafic%20de%20croisi%C3%A8res\" title=\"Envoyer par X\" aria-label=\"Envoyer par X\" role=\"button\" rel=\"noopener nofollow\" class=\"shariff-link\" style=\";border-radius:1%; background-color:#081C59; color:#fff\" target=\"_blank\"><span class=\"shariff-icon\" style=\"\"><svg width=\"32px\" height=\"20px\" xmlns=\"http:\/\/www.w3.org\/2000\/svg\" viewBox=\"0 0 24 24\"><path fill=\"#000\" d=\"M14.258 10.152L23.176 0h-2.113l-7.747 8.813L7.133 0H0l9.352 13.328L0 23.973h2.113l8.176-9.309 6.531 9.309h7.133zm-2.895 3.293l-.949-1.328L2.875 1.56h3.246l6.086 8.523.945 1.328 7.91 11.078h-3.246zm0 0\"\/><\/svg><\/span><\/a><\/li><li class=\"shariff-button linkedin\" style=\"background-color:#056E6D;border-radius:1%\"><a href=\"https:\/\/www.linkedin.com\/sharing\/share-offsite\/?url=https%3A%2F%2Fpre.puertosdetenerife.org%2Ffr%2Fcollaboration-portuaire-entre-tenerife-malaga-et-tanger-afin-de-promouvoir-le-trafic-de-croisieres%2F\" title=\"Envoyer par LinkedIn\" aria-label=\"Envoyer par LinkedIn\" role=\"button\" rel=\"noopener nofollow\" class=\"shariff-link\" style=\";border-radius:1%; background-color:#081C59; color:#fff\" target=\"_blank\"><span class=\"shariff-icon\" style=\"\"><svg width=\"32px\" height=\"20px\" xmlns=\"http:\/\/www.w3.org\/2000\/svg\" viewBox=\"0 0 27 32\"><path fill=\"#0077b5\" d=\"M6.2 11.2v17.7h-5.9v-17.7h5.9zM6.6 5.7q0 1.3-0.9 2.2t-2.4 0.9h0q-1.5 0-2.4-0.9t-0.9-2.2 0.9-2.2 2.4-0.9 2.4 0.9 0.9 2.2zM27.4 18.7v10.1h-5.9v-9.5q0-1.9-0.7-2.9t-2.3-1.1q-1.1 0-1.9 0.6t-1.2 1.5q-0.2 0.5-0.2 1.4v9.9h-5.9q0-7.1 0-11.6t0-5.3l0-0.9h5.9v2.6h0q0.4-0.6 0.7-1t1-0.9 1.6-0.8 2-0.3q3 0 4.9 2t1.9 6z\"\/><\/svg><\/span><\/a><\/li><li class=\"shariff-button whatsapp\" style=\"background-color:#056E6D;border-radius:1%\"><a href=\"https:\/\/api.whatsapp.com\/send?text=https%3A%2F%2Fpre.puertosdetenerife.org%2Ffr%2Fcollaboration-portuaire-entre-tenerife-malaga-et-tanger-afin-de-promouvoir-le-trafic-de-croisieres%2F%20Collaboration%20portuaire%20entre%20Tenerife%2C%20M%C3%A1laga%20et%20Tanger%20afin%20de%20promouvoir%20le%20trafic%20de%20croisi%C3%A8res\" title=\"Envoyer par Whatsapp\" aria-label=\"Envoyer par Whatsapp\" role=\"button\" rel=\"noopener nofollow\" class=\"shariff-link\" style=\";border-radius:1%; background-color:#081C59; color:#fff\" target=\"_blank\"><span class=\"shariff-icon\" style=\"\"><svg width=\"32px\" height=\"20px\" xmlns=\"http:\/\/www.w3.org\/2000\/svg\" viewBox=\"0 0 32 32\"><path fill=\"#34af23\" d=\"M17.6 17.4q0.2 0 1.7 0.8t1.6 0.9q0 0.1 0 0.3 0 0.6-0.3 1.4-0.3 0.7-1.3 1.2t-1.8 0.5q-1 0-3.4-1.1-1.7-0.8-3-2.1t-2.6-3.3q-1.3-1.9-1.3-3.5v-0.1q0.1-1.6 1.3-2.8 0.4-0.4 0.9-0.4 0.1 0 0.3 0t0.3 0q0.3 0 0.5 0.1t0.3 0.5q0.1 0.4 0.6 1.6t0.4 1.3q0 0.4-0.6 1t-0.6 0.8q0 0.1 0.1 0.3 0.6 1.3 1.8 2.4 1 0.9 2.7 1.8 0.2 0.1 0.4 0.1 0.3 0 1-0.9t0.9-0.9zM14 26.9q2.3 0 4.3-0.9t3.6-2.4 2.4-3.6 0.9-4.3-0.9-4.3-2.4-3.6-3.6-2.4-4.3-0.9-4.3 0.9-3.6 2.4-2.4 3.6-0.9 4.3q0 3.6 2.1 6.6l-1.4 4.2 4.3-1.4q2.8 1.9 6.2 1.9zM14 2.2q2.7 0 5.2 1.1t4.3 2.9 2.9 4.3 1.1 5.2-1.1 5.2-2.9 4.3-4.3 2.9-5.2 1.1q-3.5 0-6.5-1.7l-7.4 2.4 2.4-7.2q-1.9-3.2-1.9-6.9 0-2.7 1.1-5.2t2.9-4.3 4.3-2.9 5.2-1.1z\"\/><\/svg><\/span><\/a><\/li><li class=\"shariff-button mailto\" style=\"background-color:#056E6D;border-radius:1%\"><a href=\"mailto:?body=https%3A%2F%2Fpre.puertosdetenerife.org%2Ffr%2Fcollaboration-portuaire-entre-tenerife-malaga-et-tanger-afin-de-promouvoir-le-trafic-de-croisieres%2F&subject=Collaboration%20portuaire%20entre%20Tenerife%2C%20M%C3%A1laga%20et%20Tanger%20afin%20de%20promouvoir%20le%20trafic%20de%20croisi%C3%A8res\" title=\"Envoyer par courriel\" aria-label=\"Envoyer par courriel\" role=\"button\" rel=\"noopener nofollow\" class=\"shariff-link\" style=\";border-radius:1%; background-color:#081C59; color:#fff\"><span class=\"shariff-icon\" style=\"\"><svg width=\"32px\" height=\"20px\" xmlns=\"http:\/\/www.w3.org\/2000\/svg\" viewBox=\"0 0 32 32\"><path fill=\"#999\" d=\"M32 12.7v14.2q0 1.2-0.8 2t-2 0.9h-26.3q-1.2 0-2-0.9t-0.8-2v-14.2q0.8 0.9 1.8 1.6 6.5 4.4 8.9 6.1 1 0.8 1.6 1.2t1.7 0.9 2 0.4h0.1q0.9 0 2-0.4t1.7-0.9 1.6-1.2q3-2.2 8.9-6.1 1-0.7 1.8-1.6zM32 7.4q0 1.4-0.9 2.7t-2.2 2.2q-6.7 4.7-8.4 5.8-0.2 0.1-0.7 0.5t-1 0.7-0.9 0.6-1.1 0.5-0.9 0.2h-0.1q-0.4 0-0.9-0.2t-1.1-0.5-0.9-0.6-1-0.7-0.7-0.5q-1.6-1.1-4.7-3.2t-3.6-2.6q-1.1-0.7-2.1-2t-1-2.5q0-1.4 0.7-2.3t2.1-0.9h26.3q1.2 0 2 0.8t0.9 2z\"\/><\/svg><\/span><\/a><\/li><\/ul><\/div>","protected":false},"excerpt":{"rendered":"<p>Les ports de Santa Cruz de Tenerife, M\u00e1laga et Tanger ont sign\u00e9 hier dans la ville marocaine un m\u00e9morandum de collaboration afin de stimuler la d\u00e9saisonnalisation de la saison de croisi\u00e8res et de promouvoir de nouvelles routes atlantiques qui incluent ces ports dans leurs itin\u00e9raires.<\/p>\n","protected":false},"author":4,"featured_media":227404,"comment_status":"closed","ping_status":"closed","sticky":false,"template":"","format":"standard","meta":{"_et_pb_use_builder":"on","_et_pb_old_content":"<p>Los puertos de Santa Cruz de Tenerife, M\u00e1laga y T\u00e1nger firmaron ayer en la ciudad marroqu\u00ed un memor\u00e1ndum de colaboraci\u00f3n para impulsar la desestacionalizaci\u00f3n de la temporada de cruceros y promocionar nuevas rutas atl\u00e1nticas que incluyan estos puertos en sus itinerarios.<!--more--><\/p><p>El presidente del puerto de Santa Cruz de Tenerife, Carlos Gonz\u00e1lez, destac\u00f3 que \u201cante la consolidaci\u00f3n del mercado de invierno apostamos con amplias miras para que los tres puertos a\u00fanen esfuerzos y dar mayor amplitud a los periodos de estancia de cruceros, optando adem\u00e1s a captar nuevas compa\u00f1\u00edas\u201d.<\/p><p>Por su parte, el presidente de la Autoridad Portuaria de M\u00e1laga, Carlos Rubio muestra su confianza en la firma de este acuerdo, ya que \u201cmejorar\u00e1 las condiciones que ofrecen estos tres puertos a las compa\u00f1\u00edas de crucero, convirti\u00e9ndose en un potente mensaje para las navieras y haciendo m\u00e1s atractiva la oferta de estos destinos\u201d.<\/p><p>El acuerdo recoge el compromiso de desarrollar productos y propuestas espec\u00edficas de inter\u00e9s para las navieras. La promoci\u00f3n de esta colaboraci\u00f3n y de las iniciativas que en su marco se desarrollen tambi\u00e9n ser\u00e1 una herramienta clave para el impulso del turismo de cruceros en esta \u00e1rea, as\u00ed como la propuesta de bonificaciones que puedan fomentar el inter\u00e9s de las navieras.<\/p><p>Se destaca en este documento que el puerto de Santa Cruz de Tenerife \u201cha consolidado su posici\u00f3n entre los cuatro primeros del sistema portuario espa\u00f1ol, tanto por n\u00famero de cruceristas como de cruceros, siendo especialmente importante en el \u00e1mbito geogr\u00e1fico del Atl\u00e1ntico Medio\u201d.<\/p><p><a href=\"https:\/\/www.puertosdetenerife.org\/wp-content\/uploads\/2019\/12\/acuerdo_Tfe_Mal_Tan.jpg\"><img class=\"aligncenter size-large wp-image-220306\" src=\"https:\/\/www.puertosdetenerife.org\/wp-content\/uploads\/2019\/12\/acuerdo_Tfe_Mal_Tan-1024x678.jpg\" alt=\"Firma de acuerdo\" width=\"1024\" height=\"678\" \/><\/a><\/p><p>Asimismo, el puerto de M\u00e1laga, integrado en la red de Puertos del Estado, \u201cse ha consolidado como el segundo puerto espa\u00f1ol por n\u00famero de cruceros en la Pen\u00ednsula\u201d mientras que el de T\u00e1nger \u201cse est\u00e1 convirtiendo en el puerto de cruceros m\u00e1s grande del Reino de Marruecos, con instalaciones para dar cabida a los mayores cruceros del mundo\u201d.<\/p><p>El seguimiento del convenio se realizar\u00e1 mediante un comit\u00e9 creado al efecto y compuesto por dos representantes de cada firmante. Su funci\u00f3n ser\u00e1 la planificaci\u00f3n, ejecuci\u00f3n, seguimiento y evaluaci\u00f3n de las acciones derivadas del mismo.<\/p>","_et_gb_content_width":"","footnotes":""},"categories":[119],"tags":[],"coauthors":[181],"class_list":["post-227405","post","type-post","status-publish","format-standard","has-post-thumbnail","hentry","category-non-classifiee"],"_links":{"self":[{"href":"https:\/\/pre.puertosdetenerife.org\/fr\/wp-json\/wp\/v2\/posts\/227405","targetHints":{"allow":["GET"]}}],"collection":[{"href":"https:\/\/pre.puertosdetenerife.org\/fr\/wp-json\/wp\/v2\/posts"}],"about":[{"href":"https:\/\/pre.puertosdetenerife.org\/fr\/wp-json\/wp\/v2\/types\/post"}],"author":[{"embeddable":true,"href":"https:\/\/pre.puertosdetenerife.org\/fr\/wp-json\/wp\/v2\/users\/4"}],"replies":[{"embeddable":true,"href":"https:\/\/pre.puertosdetenerife.org\/fr\/wp-json\/wp\/v2\/comments?post=227405"}],"version-history":[{"count":4,"href":"https:\/\/pre.puertosdetenerife.org\/fr\/wp-json\/wp\/v2\/posts\/227405\/revisions"}],"predecessor-version":[{"id":227415,"href":"https:\/\/pre.puertosdetenerife.org\/fr\/wp-json\/wp\/v2\/posts\/227405\/revisions\/227415"}],"wp:featuredmedia":[{"embeddable":true,"href":"https:\/\/pre.puertosdetenerife.org\/fr\/wp-json\/wp\/v2\/media\/227404"}],"wp:attachment":[{"href":"https:\/\/pre.puertosdetenerife.org\/fr\/wp-json\/wp\/v2\/media?parent=227405"}],"wp:term":[{"taxonomy":"category","embeddable":true,"href":"https:\/\/pre.puertosdetenerife.org\/fr\/wp-json\/wp\/v2\/categories?post=227405"},{"taxonomy":"post_tag","embeddable":true,"href":"https:\/\/pre.puertosdetenerife.org\/fr\/wp-json\/wp\/v2\/tags?post=227405"},{"taxonomy":"author","embeddable":true,"href":"https:\/\/pre.puertosdetenerife.org\/fr\/wp-json\/wp\/v2\/coauthors?post=227405"}],"curies":[{"name":"wp","href":"https:\/\/api.w.org\/{rel}","templated":true}]}}